{"id":2152,"date":"2025-11-18T12:30:00","date_gmt":"2025-11-18T11:30:00","guid":{"rendered":"https:\/\/sotex.net.pl\/?p=2152"},"modified":"2025-11-18T13:04:37","modified_gmt":"2025-11-18T12:04:37","slug":"lampa-lightpro-rodas-12v","status":"publish","type":"post","link":"https:\/\/sotex.net.pl\/?p=2152","title":{"rendered":"Lampa Lightpro Rodas 12V"},"content":{"rendered":"\n<p><strong>Lampa Lightpro Rodas 12V<br><\/strong><\/p>\n\n\n\n<h4 class=\"wp-block-heading\">Lightpro to marka Techmar. Koncentrujemy si\u0119 ca\u0142kowicie na o\u015bwietleniu zewn\u0119trznym 12V. \u0141atwym w instalacji, \u0142atwym w rozbudowie i energooszcz\u0119dnym. Dzieje si\u0119 tak w zwi\u0105zku z tym, \u017ce Lightpro i akcesoria s\u0105 opracowywane w oparciu o niskie napi\u0119cie (12V). Nie musisz wi\u0119c zakopywa\u0107 kabli, a nasz system gwarantuje bezpiecze\u0144stwo zar\u00f3wno dla ludzi, jak i zwierz\u0105t.<br>Projektujemy o\u015bwietlenie zewn\u0119trzne do ka\u017cdego ogrodu, kt\u00f3ry zas\u0142uguje na dodatkow\u0105 uwag\u0119, czy to za pomoc\u0105 reflektor\u00f3w, kinkiet\u00f3w czy o\u015bwietlenia s\u0142upowego. Jest to firma, do kt\u00f3rej zwracaj\u0105 si\u0119 profesjonali\u015bci z pytaniami i pro\u015bbami.<\/h4>\n\n\n\n<h4 class=\"wp-block-heading\"><br><strong>Korzy\u015bci naszego systemu<\/strong><br><strong><br>Energooszcz\u0119dne i trwa\u0142e<\/strong><br>Wszystkie oprawy o\u015bwietleniowe Lightpro wyposa\u017cone s\u0105 w \u017ar\u00f3d\u0142a \u015bwiat\u0142a LED<\/h4>\n\n\n\n<ul class=\"wp-block-list\">\n<li>Wyj\u0105tkowo niskie zu\u017cycie energii<\/li>\n\n\n\n<li>D\u0142uga \u017cywotno\u015b\u0107<\/li>\n<\/ul>\n\n\n\n<h4 class=\"wp-block-heading\"><strong>Proste i elastyczne<\/strong><br>Nasz system dzia\u0142a na napi\u0119ciu 12 wolt\u00f3w<\/h4>\n\n\n\n<ul class=\"wp-block-list\">\n<li>\u0141atwe w monta\u017cu<\/li>\n\n\n\n<li>\u0141atwe do modyfikacji<\/li>\n\n\n\n<li>Nie wymaga zatrudnienia elektryka<\/li>\n\n\n\n<li>\u0141atwe w rozbudowie<br>\u00a0<\/li>\n<\/ul>\n\n\n\n<h4 class=\"wp-block-heading\"><strong>Bezpieczne<\/strong><br>Napi\u0119cie 12 V jest napi\u0119ciem niskim w zwi\u0105zku z tym nieszkodliwym<\/h4>\n\n\n\n<ul class=\"wp-block-list\">\n<li>Bezpieczny dla dzieci<\/li>\n\n\n\n<li>Bezpieczny dla zwierz\u0105t<\/li>\n\n\n\n<li>Bezpieczny w monta\u017cu<\/li>\n\n\n\n<li>Bez chowania kabli<\/li>\n<\/ul>\n\n\n\n<h4 class=\"wp-block-heading\"><strong>Holenderski projekt<\/strong><br>Wszystkie produkty s\u0105 projektowane i produkowane w centrum innowacji firmy Lightpro<\/h4>\n\n\n\n<ul class=\"wp-block-list\">\n<li>Gwarancja najlepszej jako\u015bci<\/li>\n\n\n\n<li>Asortyment najwy\u017cszej klasy<\/li>\n<\/ul>\n\n\n\n<h4 class=\"wp-block-heading\"><strong>6-letnia gwarancja<\/strong><br>Na wszystkie produkty udzielana jest 6-letnia gwarancja.<\/h4>\n\n\n\n<ul class=\"wp-block-list\">\n<li>Beztroska przyjemno\u015b\u0107<\/li>\n\n\n\n<li>Klient jest priorytetem nr. 1<\/li>\n\n\n\n<li>D\u0142uga \u017cywotno\u015b\u0107<\/li>\n<\/ul>\n\n\n\n<h4 class=\"wp-block-heading\">Chcesz atrakcyjnie o\u015bwietli\u0107 krzewy, drzewa i inne obiekty? W takim razie wybierz nasze reflektory z r\u00f3\u017cnymi wi\u0105zkami \u015bwiat\u0142a. Warto zauwa\u017cy\u0107, \u017ce nasze mocne reflektory dos\u0142ownie \u201erzucaj\u0105 \u015bwiat\u0142o\u201d na pi\u0119kne, du\u017ce drzewo! Z drugiej strony je\u015bli wolisz bawi\u0107 si\u0119 jasno\u015bci\u0105, przyciemniane reflektory s\u0105 tym, czego szukasz.<\/h4>\n\n\n\n<h4 class=\"wp-block-heading\"><strong><br>Lampa Lightpro Rodas 12V<\/strong> szukasz bardziej przytulnego nastroju w swoim ogrodzie? W takim razie ciep\u0142e, bia\u0142e \u015bwiat\u0142o Rodas jest idealnym rozwi\u0105zaniem! Ta poprawiaj\u0105ca nastr\u00f3j listwa sk\u0142ada si\u0119 z trzech \u015bwiate\u0142 i tworzy urzekaj\u0105cy pokaz \u015bwietlny, idealny do zawieszenia na pergoli, pod baldachimem, na drzewie lub jako pasek \u015bwietlny wzd\u0142u\u017c \u015bciany. Zawie\u015b wiele \u015bwiate\u0142, aby uzyska\u0107 wspania\u0142y efekt! Do ka\u017cdej lampy do\u0142\u0105czone jest prawie 3 metry kabla.<br><\/h4>\n\n\n\n<ul class=\"wp-block-list\">\n<li>Klasa IP65<\/li>\n\n\n\n<li>Wymiary (wys.x szer.x \u015bredn.): 100x20x20 mm<\/li>\n\n\n\n<li>Materia\u0142: Aluminium<\/li>\n\n\n\n<li>Kolor: Czarny<\/li>\n\n\n\n<li>Moc: 3.3W<\/li>\n\n\n\n<li>Lumen: 100<\/li>\n\n\n\n<li>Kolor \u015bwiat\u0142a: Ciep\u0142a biel<br><\/li>\n\n\n\n<li>Kelvin: 3000 K<\/li>\n\n\n\n<li>Klasa energetyczna: F<\/li>\n\n\n\n<li>\u0179r\u00f3d\u0142o \u015bwiat\u0142a: SMD LED<\/li>\n\n\n\n<li>CRI: 80<\/li>\n\n\n\n<li>D\u0142ugo\u015b\u0107 kabla: 3 m<br><\/li>\n\n\n\n<li>Minimalna temperatura otoczenia (\u00b0C): -20<\/li>\n\n\n\n<li>Maksymalna temperatura otoczenia (\u00b0C): 50<\/li>\n\n\n\n<li>Ilo\u015b\u0107 reflektor\u00f3w w opakowaniu: 3<br><\/li>\n\n\n\n<li>\u017bywotno\u015b\u0107 (godziny): 25000<\/li>\n\n\n\n<li>Przejezdne: nie<\/li>\n\n\n\n<li>Kompatybilny z AC\/DC: tak<\/li>\n\n\n\n<li>Cz\u0119stotliwo\u015b\u0107 (Hertz): 50<br><\/li>\n\n\n\n<li>Do\u0142\u0105czone akcesoria: Z\u0142\u0105cze F<\/li>\n\n\n\n<li>Kierunek \u015bwiat\u0142a: Dooko\u0142a<\/li>\n\n\n\n<li>Smart: nie<br><\/li>\n\n\n\n<li>Regulowany: nie<br><\/li>\n\n\n\n<li>Podwodna: nie<\/li>\n\n\n\n<li><strong>Nr. art.\u00a0 239R<\/strong><\/li>\n<\/ul>\n","protected":false},"excerpt":{"rendered":"<p>Lampa Lightpro Rodas 12V Lightpro to marka Techmar. Koncentrujemy si\u0119 ca\u0142kowicie na o\u015bwietleniu zewn\u0119trznym 12V. \u0141atwym w instalacji, \u0142atwym w&#8230;<\/p>\n","protected":false},"author":3,"featured_media":2153,"comment_status":"open","ping_status":"open","sticky":false,"template":"","format":"standard","meta":{"_kadence_starter_templates_imported_post":false,"_kad_post_transparent":"","_kad_post_title":"","_kad_post_layout":"","_kad_post_sidebar_id":"","_kad_post_content_style":"","_kad_post_vertical_padding":"","_kad_post_feature":"","_kad_post_feature_position":"","_kad_post_header":false,"_kad_post_footer":false,"footnotes":""},"categories":[43],"tags":[],"class_list":["post-2152","post","type-post","status-publish","format-standard","has-post-thumbnail","hentry","category-oswietlenie-lightpro"],"yoast_head":"<!-- This site is optimized with the Yoast SEO plugin v27.4 - https:\/\/yoast.com\/product\/yoast-seo-wordpress\/ -->\n<title>Lampa Lightpro Rodas 12V - Sotex<\/title>\n<meta name=\"description\" content=\"Lampa Lightpro Rodas sk\u0142ada si\u0119 z trzech \u015bwiate\u0142. Idealna do zawieszenia na pergoli, pod baldachimem, na drzewie.\" \/>\n<meta name=\"robots\" content=\"index, follow, max-snippet:-1, max-image-preview:large, max-video-preview:-1\" \/>\n<link rel=\"canonical\" href=\"https:\/\/sotex.net.pl\/?p=2152\" \/>\n<meta property=\"og:locale\" content=\"pl_PL\" \/>\n<meta property=\"og:type\" content=\"article\" \/>\n<meta property=\"og:title\" content=\"Lampa Lightpro Rodas 12V - Sotex\" \/>\n<meta property=\"og:description\" content=\"Lampa Lightpro Rodas sk\u0142ada si\u0119 z trzech \u015bwiate\u0142. Idealna do zawieszenia na pergoli, pod baldachimem, na drzewie.\" \/>\n<meta property=\"og:url\" content=\"https:\/\/sotex.net.pl\/?p=2152\" \/>\n<meta property=\"og:site_name\" content=\"Sotex\" \/>\n<meta property=\"article:publisher\" content=\"https:\/\/www.facebook.com\/sotexhurtownia\" \/>\n<meta property=\"article:published_time\" content=\"2025-11-18T11:30:00+00:00\" \/>\n<meta property=\"article:modified_time\" content=\"2025-11-18T12:04:37+00:00\" \/>\n<meta property=\"og:image\" content=\"https:\/\/sotex.net.pl\/wp-content\/uploads\/2025\/11\/Rodas3.webp\" \/>\n\t<meta property=\"og:image:width\" content=\"683\" \/>\n\t<meta property=\"og:image:height\" content=\"1024\" \/>\n\t<meta property=\"og:image:type\" content=\"image\/webp\" \/>\n<meta name=\"author\" content=\"Handlowiec\" \/>\n<meta name=\"twitter:card\" content=\"summary_large_image\" \/>\n<meta name=\"twitter:label1\" content=\"Napisane przez\" \/>\n\t<meta name=\"twitter:data1\" content=\"Handlowiec\" \/>\n\t<meta name=\"twitter:label2\" content=\"Szacowany czas czytania\" \/>\n\t<meta name=\"twitter:data2\" content=\"3 minuty\" \/>\n<script type=\"application\/ld+json\" class=\"yoast-schema-graph\">{\"@context\":\"https:\\\/\\\/schema.org\",\"@graph\":[{\"@type\":\"Article\",\"@id\":\"https:\\\/\\\/sotex.net.pl\\\/?p=2152#article\",\"isPartOf\":{\"@id\":\"https:\\\/\\\/sotex.net.pl\\\/?p=2152\"},\"author\":{\"name\":\"Handlowiec\",\"@id\":\"https:\\\/\\\/sotex.net.pl\\\/#\\\/schema\\\/person\\\/42140dc5965952c586f9c25a5e428a55\"},\"headline\":\"Lampa Lightpro Rodas 12V\",\"datePublished\":\"2025-11-18T11:30:00+00:00\",\"dateModified\":\"2025-11-18T12:04:37+00:00\",\"mainEntityOfPage\":{\"@id\":\"https:\\\/\\\/sotex.net.pl\\\/?p=2152\"},\"wordCount\":462,\"commentCount\":0,\"publisher\":{\"@id\":\"https:\\\/\\\/sotex.net.pl\\\/#organization\"},\"image\":{\"@id\":\"https:\\\/\\\/sotex.net.pl\\\/?p=2152#primaryimage\"},\"thumbnailUrl\":\"https:\\\/\\\/sotex.net.pl\\\/wp-content\\\/uploads\\\/2025\\\/11\\\/Rodas3.webp\",\"articleSection\":[\"O\u015aWIETLENIE LIGHTPRO\"],\"inLanguage\":\"pl-PL\",\"potentialAction\":[{\"@type\":\"CommentAction\",\"name\":\"Comment\",\"target\":[\"https:\\\/\\\/sotex.net.pl\\\/?p=2152#respond\"]}]},{\"@type\":\"WebPage\",\"@id\":\"https:\\\/\\\/sotex.net.pl\\\/?p=2152\",\"url\":\"https:\\\/\\\/sotex.net.pl\\\/?p=2152\",\"name\":\"Lampa Lightpro Rodas 12V - Sotex\",\"isPartOf\":{\"@id\":\"https:\\\/\\\/sotex.net.pl\\\/#website\"},\"primaryImageOfPage\":{\"@id\":\"https:\\\/\\\/sotex.net.pl\\\/?p=2152#primaryimage\"},\"image\":{\"@id\":\"https:\\\/\\\/sotex.net.pl\\\/?p=2152#primaryimage\"},\"thumbnailUrl\":\"https:\\\/\\\/sotex.net.pl\\\/wp-content\\\/uploads\\\/2025\\\/11\\\/Rodas3.webp\",\"datePublished\":\"2025-11-18T11:30:00+00:00\",\"dateModified\":\"2025-11-18T12:04:37+00:00\",\"description\":\"Lampa Lightpro Rodas sk\u0142ada si\u0119 z trzech \u015bwiate\u0142. Idealna do zawieszenia na pergoli, pod baldachimem, na drzewie.\",\"breadcrumb\":{\"@id\":\"https:\\\/\\\/sotex.net.pl\\\/?p=2152#breadcrumb\"},\"inLanguage\":\"pl-PL\",\"potentialAction\":[{\"@type\":\"ReadAction\",\"target\":[\"https:\\\/\\\/sotex.net.pl\\\/?p=2152\"]}]},{\"@type\":\"ImageObject\",\"inLanguage\":\"pl-PL\",\"@id\":\"https:\\\/\\\/sotex.net.pl\\\/?p=2152#primaryimage\",\"url\":\"https:\\\/\\\/sotex.net.pl\\\/wp-content\\\/uploads\\\/2025\\\/11\\\/Rodas3.webp\",\"contentUrl\":\"https:\\\/\\\/sotex.net.pl\\\/wp-content\\\/uploads\\\/2025\\\/11\\\/Rodas3.webp\",\"width\":683,\"height\":1024,\"caption\":\"Lampa Lightpro Rodas sk\u0142ada si\u0119 z trzech \u015bwiate\u0142. Idealna do zawieszenia na pergoli, pod baldachimem, na drzewie.\"},{\"@type\":\"BreadcrumbList\",\"@id\":\"https:\\\/\\\/sotex.net.pl\\\/?p=2152#breadcrumb\",\"itemListElement\":[{\"@type\":\"ListItem\",\"position\":1,\"name\":\"Strona g\u0142\u00f3wna\",\"item\":\"https:\\\/\\\/sotex.net.pl\\\/\"},{\"@type\":\"ListItem\",\"position\":2,\"name\":\"Lampa Lightpro Rodas 12V\"}]},{\"@type\":\"WebSite\",\"@id\":\"https:\\\/\\\/sotex.net.pl\\\/#website\",\"url\":\"https:\\\/\\\/sotex.net.pl\\\/\",\"name\":\"Sotex\",\"description\":\"\",\"publisher\":{\"@id\":\"https:\\\/\\\/sotex.net.pl\\\/#organization\"},\"potentialAction\":[{\"@type\":\"SearchAction\",\"target\":{\"@type\":\"EntryPoint\",\"urlTemplate\":\"https:\\\/\\\/sotex.net.pl\\\/?s={search_term_string}\"},\"query-input\":{\"@type\":\"PropertyValueSpecification\",\"valueRequired\":true,\"valueName\":\"search_term_string\"}}],\"inLanguage\":\"pl-PL\"},{\"@type\":\"Organization\",\"@id\":\"https:\\\/\\\/sotex.net.pl\\\/#organization\",\"name\":\"Sotex\",\"url\":\"https:\\\/\\\/sotex.net.pl\\\/\",\"logo\":{\"@type\":\"ImageObject\",\"inLanguage\":\"pl-PL\",\"@id\":\"https:\\\/\\\/sotex.net.pl\\\/#\\\/schema\\\/logo\\\/image\\\/\",\"url\":\"https:\\\/\\\/sotex.net.pl\\\/wp-content\\\/uploads\\\/2023\\\/11\\\/cropped-SOTEX-logo.png\",\"contentUrl\":\"https:\\\/\\\/sotex.net.pl\\\/wp-content\\\/uploads\\\/2023\\\/11\\\/cropped-SOTEX-logo.png\",\"width\":1919,\"height\":767,\"caption\":\"Sotex\"},\"image\":{\"@id\":\"https:\\\/\\\/sotex.net.pl\\\/#\\\/schema\\\/logo\\\/image\\\/\"},\"sameAs\":[\"https:\\\/\\\/www.facebook.com\\\/sotexhurtownia\"]},{\"@type\":\"Person\",\"@id\":\"https:\\\/\\\/sotex.net.pl\\\/#\\\/schema\\\/person\\\/42140dc5965952c586f9c25a5e428a55\",\"name\":\"Handlowiec\",\"image\":{\"@type\":\"ImageObject\",\"inLanguage\":\"pl-PL\",\"@id\":\"https:\\\/\\\/secure.gravatar.com\\\/avatar\\\/413754ce26921d00712c7a8492c1ede4f8390bd312c80f05b8608832385fcff9?s=96&d=mm&r=g\",\"url\":\"https:\\\/\\\/secure.gravatar.com\\\/avatar\\\/413754ce26921d00712c7a8492c1ede4f8390bd312c80f05b8608832385fcff9?s=96&d=mm&r=g\",\"contentUrl\":\"https:\\\/\\\/secure.gravatar.com\\\/avatar\\\/413754ce26921d00712c7a8492c1ede4f8390bd312c80f05b8608832385fcff9?s=96&d=mm&r=g\",\"caption\":\"Handlowiec\"},\"url\":\"https:\\\/\\\/sotex.net.pl\\\/?author=3\"}]}<\/script>\n<!-- \/ Yoast SEO plugin. -->","yoast_head_json":{"title":"Lampa Lightpro Rodas 12V - Sotex","description":"Lampa Lightpro Rodas sk\u0142ada si\u0119 z trzech \u015bwiate\u0142. Idealna do zawieszenia na pergoli, pod baldachimem, na drzewie.","robots":{"index":"index","follow":"follow","max-snippet":"max-snippet:-1","max-image-preview":"max-image-preview:large","max-video-preview":"max-video-preview:-1"},"canonical":"https:\/\/sotex.net.pl\/?p=2152","og_locale":"pl_PL","og_type":"article","og_title":"Lampa Lightpro Rodas 12V - Sotex","og_description":"Lampa Lightpro Rodas sk\u0142ada si\u0119 z trzech \u015bwiate\u0142. Idealna do zawieszenia na pergoli, pod baldachimem, na drzewie.","og_url":"https:\/\/sotex.net.pl\/?p=2152","og_site_name":"Sotex","article_publisher":"https:\/\/www.facebook.com\/sotexhurtownia","article_published_time":"2025-11-18T11:30:00+00:00","article_modified_time":"2025-11-18T12:04:37+00:00","og_image":[{"width":683,"height":1024,"url":"https:\/\/sotex.net.pl\/wp-content\/uploads\/2025\/11\/Rodas3.webp","type":"image\/webp"}],"author":"Handlowiec","twitter_card":"summary_large_image","twitter_misc":{"Napisane przez":"Handlowiec","Szacowany czas czytania":"3 minuty"},"schema":{"@context":"https:\/\/schema.org","@graph":[{"@type":"Article","@id":"https:\/\/sotex.net.pl\/?p=2152#article","isPartOf":{"@id":"https:\/\/sotex.net.pl\/?p=2152"},"author":{"name":"Handlowiec","@id":"https:\/\/sotex.net.pl\/#\/schema\/person\/42140dc5965952c586f9c25a5e428a55"},"headline":"Lampa Lightpro Rodas 12V","datePublished":"2025-11-18T11:30:00+00:00","dateModified":"2025-11-18T12:04:37+00:00","mainEntityOfPage":{"@id":"https:\/\/sotex.net.pl\/?p=2152"},"wordCount":462,"commentCount":0,"publisher":{"@id":"https:\/\/sotex.net.pl\/#organization"},"image":{"@id":"https:\/\/sotex.net.pl\/?p=2152#primaryimage"},"thumbnailUrl":"https:\/\/sotex.net.pl\/wp-content\/uploads\/2025\/11\/Rodas3.webp","articleSection":["O\u015aWIETLENIE LIGHTPRO"],"inLanguage":"pl-PL","potentialAction":[{"@type":"CommentAction","name":"Comment","target":["https:\/\/sotex.net.pl\/?p=2152#respond"]}]},{"@type":"WebPage","@id":"https:\/\/sotex.net.pl\/?p=2152","url":"https:\/\/sotex.net.pl\/?p=2152","name":"Lampa Lightpro Rodas 12V - Sotex","isPartOf":{"@id":"https:\/\/sotex.net.pl\/#website"},"primaryImageOfPage":{"@id":"https:\/\/sotex.net.pl\/?p=2152#primaryimage"},"image":{"@id":"https:\/\/sotex.net.pl\/?p=2152#primaryimage"},"thumbnailUrl":"https:\/\/sotex.net.pl\/wp-content\/uploads\/2025\/11\/Rodas3.webp","datePublished":"2025-11-18T11:30:00+00:00","dateModified":"2025-11-18T12:04:37+00:00","description":"Lampa Lightpro Rodas sk\u0142ada si\u0119 z trzech \u015bwiate\u0142. Idealna do zawieszenia na pergoli, pod baldachimem, na drzewie.","breadcrumb":{"@id":"https:\/\/sotex.net.pl\/?p=2152#breadcrumb"},"inLanguage":"pl-PL","potentialAction":[{"@type":"ReadAction","target":["https:\/\/sotex.net.pl\/?p=2152"]}]},{"@type":"ImageObject","inLanguage":"pl-PL","@id":"https:\/\/sotex.net.pl\/?p=2152#primaryimage","url":"https:\/\/sotex.net.pl\/wp-content\/uploads\/2025\/11\/Rodas3.webp","contentUrl":"https:\/\/sotex.net.pl\/wp-content\/uploads\/2025\/11\/Rodas3.webp","width":683,"height":1024,"caption":"Lampa Lightpro Rodas sk\u0142ada si\u0119 z trzech \u015bwiate\u0142. Idealna do zawieszenia na pergoli, pod baldachimem, na drzewie."},{"@type":"BreadcrumbList","@id":"https:\/\/sotex.net.pl\/?p=2152#breadcrumb","itemListElement":[{"@type":"ListItem","position":1,"name":"Strona g\u0142\u00f3wna","item":"https:\/\/sotex.net.pl\/"},{"@type":"ListItem","position":2,"name":"Lampa Lightpro Rodas 12V"}]},{"@type":"WebSite","@id":"https:\/\/sotex.net.pl\/#website","url":"https:\/\/sotex.net.pl\/","name":"Sotex","description":"","publisher":{"@id":"https:\/\/sotex.net.pl\/#organization"},"potentialAction":[{"@type":"SearchAction","target":{"@type":"EntryPoint","urlTemplate":"https:\/\/sotex.net.pl\/?s={search_term_string}"},"query-input":{"@type":"PropertyValueSpecification","valueRequired":true,"valueName":"search_term_string"}}],"inLanguage":"pl-PL"},{"@type":"Organization","@id":"https:\/\/sotex.net.pl\/#organization","name":"Sotex","url":"https:\/\/sotex.net.pl\/","logo":{"@type":"ImageObject","inLanguage":"pl-PL","@id":"https:\/\/sotex.net.pl\/#\/schema\/logo\/image\/","url":"https:\/\/sotex.net.pl\/wp-content\/uploads\/2023\/11\/cropped-SOTEX-logo.png","contentUrl":"https:\/\/sotex.net.pl\/wp-content\/uploads\/2023\/11\/cropped-SOTEX-logo.png","width":1919,"height":767,"caption":"Sotex"},"image":{"@id":"https:\/\/sotex.net.pl\/#\/schema\/logo\/image\/"},"sameAs":["https:\/\/www.facebook.com\/sotexhurtownia"]},{"@type":"Person","@id":"https:\/\/sotex.net.pl\/#\/schema\/person\/42140dc5965952c586f9c25a5e428a55","name":"Handlowiec","image":{"@type":"ImageObject","inLanguage":"pl-PL","@id":"https:\/\/secure.gravatar.com\/avatar\/413754ce26921d00712c7a8492c1ede4f8390bd312c80f05b8608832385fcff9?s=96&d=mm&r=g","url":"https:\/\/secure.gravatar.com\/avatar\/413754ce26921d00712c7a8492c1ede4f8390bd312c80f05b8608832385fcff9?s=96&d=mm&r=g","contentUrl":"https:\/\/secure.gravatar.com\/avatar\/413754ce26921d00712c7a8492c1ede4f8390bd312c80f05b8608832385fcff9?s=96&d=mm&r=g","caption":"Handlowiec"},"url":"https:\/\/sotex.net.pl\/?author=3"}]}},"_links":{"self":[{"href":"https:\/\/sotex.net.pl\/index.php?rest_route=\/wp\/v2\/posts\/2152","targetHints":{"allow":["GET"]}}],"collection":[{"href":"https:\/\/sotex.net.pl\/index.php?rest_route=\/wp\/v2\/posts"}],"about":[{"href":"https:\/\/sotex.net.pl\/index.php?rest_route=\/wp\/v2\/types\/post"}],"author":[{"embeddable":true,"href":"https:\/\/sotex.net.pl\/index.php?rest_route=\/wp\/v2\/users\/3"}],"replies":[{"embeddable":true,"href":"https:\/\/sotex.net.pl\/index.php?rest_route=%2Fwp%2Fv2%2Fcomments&post=2152"}],"version-history":[{"count":1,"href":"https:\/\/sotex.net.pl\/index.php?rest_route=\/wp\/v2\/posts\/2152\/revisions"}],"predecessor-version":[{"id":2154,"href":"https:\/\/sotex.net.pl\/index.php?rest_route=\/wp\/v2\/posts\/2152\/revisions\/2154"}],"wp:featuredmedia":[{"embeddable":true,"href":"https:\/\/sotex.net.pl\/index.php?rest_route=\/wp\/v2\/media\/2153"}],"wp:attachment":[{"href":"https:\/\/sotex.net.pl\/index.php?rest_route=%2Fwp%2Fv2%2Fmedia&parent=2152"}],"wp:term":[{"taxonomy":"category","embeddable":true,"href":"https:\/\/sotex.net.pl\/index.php?rest_route=%2Fwp%2Fv2%2Fcategories&post=2152"},{"taxonomy":"post_tag","embeddable":true,"href":"https:\/\/sotex.net.pl\/index.php?rest_route=%2Fwp%2Fv2%2Ftags&post=2152"}],"curies":[{"name":"wp","href":"https:\/\/api.w.org\/{rel}","templated":true}]}}